{"id":175,"date":"2023-08-17T19:51:52","date_gmt":"2023-08-17T17:51:52","guid":{"rendered":"http:\/\/mona"},"modified":"2023-12-24T15:33:09","modified_gmt":"2023-12-24T14:33:09","slug":"la-palud-sur-verdon","status":"publish","type":"post","link":"https:\/\/www.maison13.fr\/fr\/la-palud-sur-verdon\/","title":{"rendered":"La Palud sur Verdon"},"content":{"rendered":"<div data-elementor-type=\"wp-post\" data-elementor-id=\"175\" class=\"elementor elementor-175\" data-elementor-post-type=\"post\">\n\t\t\t\t\t\t<section class=\"elementor-section elementor-top-section elementor-element elementor-element-1dedf997 elementor-section-full_width elementor-section-height-default elementor-section-height-default\" data-id=\"1dedf997\" data-element_type=\"section\" data-e-type=\"section\">\n\t\t\t\t\t\t<div class=\"elementor-container elementor-column-gap-no\">\n\t\t\t\t\t<div class=\"elementor-column elementor-col-100 elementor-top-column elementor-element elementor-element-7885c166\" data-id=\"7885c166\" data-element_type=\"column\" data-e-type=\"column\">\n\t\t\t<div class=\"elementor-widget-wrap elementor-element-populated\">\n\t\t\t\t\t\t<div class=\"elementor-element elementor-element-7779c874 elementor-widget elementor-widget-text-editor\" data-id=\"7779c874\" data-element_type=\"widget\" data-e-type=\"widget\" data-widget_type=\"text-editor.default\">\n\t\t\t\t<div class=\"elementor-widget-container\">\n\t\t\t\t\t\t\t\t\t<p>La Palud-sur-Verdon est une ville situ\u00e9e \u00e0 peu pr\u00e8s \u00e0 mi-chemin des c\u00e9l\u00e8bres Gorges du Verdon. Elle est situ\u00e9e sur une plaine \u00e0 environ 800 m\u00e8tres au-dessus du niveau de la mer et est connue comme l'une des villes les plus agr\u00e9ables de la r\u00e9gion. Elle est situ\u00e9e sur la Route des Cr\u00eates, la route qui longe les Gorges du Verdon.<\/p>\n<p><strong>Histoire de La Palud-sur-Verdon<\/strong><\/p>\n<p>Le plateau sur lequel se trouve la ville a \u00e9t\u00e9 habit\u00e9 tr\u00e8s t\u00f4t dans l'histoire. Plusieurs outils pr\u00e9historiques datant de l'\u00e2ge du bronze ont \u00e9t\u00e9 trouv\u00e9s dans les environs de La Palud-sur-Verdon. Une ancienne tombe de l'\u00e9poque gallo-romaine a \u00e9galement \u00e9t\u00e9 d\u00e9couverte. Des traces d'un oppidum, un \u00e9tablissement fortifi\u00e9, ont \u00e9galement \u00e9t\u00e9 trouv\u00e9es pr\u00e8s de la ville actuelle. Le lieu lui-m\u00eame a \u00e9t\u00e9 nomm\u00e9 pour la premi\u00e8re fois dans un document datant de 1062, sous le nom de Castrum novum. C'est \u00e0 cette \u00e9poque que le ch\u00e2teau a \u00e9t\u00e9 construit \u00e0 un endroit strat\u00e9gique. Pendant la guerre entre l'arm\u00e9e du pape Boniface II et les comtes de Provence, le ch\u00e2teau a \u00e9t\u00e9 pris par les soldats des comtes de Provence. Au 13e si\u00e8cle apr\u00e8s J.-C., la ville subit plusieurs revers. Par exemple, la peste, \u00e9galement connue sous le nom de peste noire, fait de nombreuses victimes parmi la population locale. La ville subit \u00e9galement les effets d\u00e9vastateurs de plusieurs incendies. Gr\u00e2ce \u00e0 sa situation sur une importante route commerciale m\u00e9di\u00e9vale, la ville s'est \u00e0 chaque fois relev\u00e9e.<\/p>\n<p><strong>La Palud-sur-Verdon aujourd'hui<\/strong><\/p>\n<p>Aujourd'hui, La Palud-sur-Verdon est connue comme l'un des plus beaux villages des Gorges du Verdon. Le village est donc une \u00e9tape appr\u00e9ci\u00e9e sur la Route des Cr\u00eates. Plusieurs sentiers de randonn\u00e9e ont \u00e9t\u00e9 am\u00e9nag\u00e9s \u00e0 partir du village pour vous permettre d'explorer cette belle r\u00e9gion. Vous trouverez quelques restaurants agr\u00e9ables dans ce village ancien mais pittoresque. Le village lui-m\u00eame n'est pas tr\u00e8s grand, mais une visite \u00e0 La Palud-sur-Verdon peut facilement \u00eatre combin\u00e9e avec une visite des Gorges du Verdon, situ\u00e9es \u00e0 proximit\u00e9 !<\/p>\n<p>\u00a0<\/p>\t\t\t\t\t\t\t\t<\/div>\n\t\t\t\t<\/div>\n\t\t\t\t<div class=\"elementor-element elementor-element-2d403cfd elementor-widget elementor-widget-button\" data-id=\"2d403cfd\" data-element_type=\"widget\" data-e-type=\"widget\" data-widget_type=\"button.default\">\n\t\t\t\t<div class=\"elementor-widget-container\">\n\t\t\t\t\t\t\t\t\t<div class=\"elementor-button-wrapper\">\n\t\t\t\t\t<a class=\"elementor-button elementor-button-link elementor-size-sm\" href=\"https:\/\/www.lapaludsurverdon.com\/\" target=\"_blank\" rel=\"noopener\">\n\t\t\t\t\t\t<span class=\"elementor-button-content-wrapper\">\n\t\t\t\t\t\t\t\t\t<span class=\"elementor-button-text\">Site<\/span>\n\t\t\t\t\t<\/span>\n\t\t\t\t\t<\/a>\n\t\t\t\t<\/div>\n\t\t\t\t\t\t\t\t<\/div>\n\t\t\t\t<\/div>\n\t\t\t\t\t<\/div>\n\t\t<\/div>\n\t\t\t\t\t<\/div>\n\t\t<\/section>\n\t\t\t\t<\/div>","protected":false},"excerpt":{"rendered":"<p>L'un des endroits les plus agr\u00e9ables de la r\u00e9gion<\/p>","protected":false},"author":1,"featured_media":3268,"comment_status":"open","ping_status":"closed","sticky":false,"template":"","format":"standard","meta":{"_lmt_disableupdate":"no","_lmt_disable":"","footnotes":""},"categories":[12,14],"tags":[],"class_list":["post-175","post","type-post","status-publish","format-standard","has-post-thumbnail","hentry","category-blog","category-op-stap"],"modified_by":"admin","_links":{"self":[{"href":"https:\/\/www.maison13.fr\/fr\/wp-json\/wp\/v2\/posts\/175","targetHints":{"allow":["GET"]}}],"collection":[{"href":"https:\/\/www.maison13.fr\/fr\/wp-json\/wp\/v2\/posts"}],"about":[{"href":"https:\/\/www.maison13.fr\/fr\/wp-json\/wp\/v2\/types\/post"}],"author":[{"embeddable":true,"href":"https:\/\/www.maison13.fr\/fr\/wp-json\/wp\/v2\/users\/1"}],"replies":[{"embeddable":true,"href":"https:\/\/www.maison13.fr\/fr\/wp-json\/wp\/v2\/comments?post=175"}],"version-history":[{"count":23,"href":"https:\/\/www.maison13.fr\/fr\/wp-json\/wp\/v2\/posts\/175\/revisions"}],"predecessor-version":[{"id":3271,"href":"https:\/\/www.maison13.fr\/fr\/wp-json\/wp\/v2\/posts\/175\/revisions\/3271"}],"wp:featuredmedia":[{"embeddable":true,"href":"https:\/\/www.maison13.fr\/fr\/wp-json\/wp\/v2\/media\/3268"}],"wp:attachment":[{"href":"https:\/\/www.maison13.fr\/fr\/wp-json\/wp\/v2\/media?parent=175"}],"wp:term":[{"taxonomy":"category","embeddable":true,"href":"https:\/\/www.maison13.fr\/fr\/wp-json\/wp\/v2\/categories?post=175"},{"taxonomy":"post_tag","embeddable":true,"href":"https:\/\/www.maison13.fr\/fr\/wp-json\/wp\/v2\/tags?post=175"}],"curies":[{"name":"wp","href":"https:\/\/api.w.org\/{rel}","templated":true}]}}