{"id":2897,"date":"2023-12-05T22:16:05","date_gmt":"2023-12-05T21:16:05","guid":{"rendered":"https:\/\/www.maison13.fr\/?p=2897"},"modified":"2023-12-24T15:56:25","modified_gmt":"2023-12-24T14:56:25","slug":"base-nautique","status":"publish","type":"post","link":"https:\/\/www.maison13.fr\/fr\/base-nautique\/","title":{"rendered":"Base Nautique"},"content":{"rendered":"<div data-elementor-type=\"wp-post\" data-elementor-id=\"2897\" class=\"elementor elementor-2897\" data-elementor-post-type=\"post\">\n\t\t\t\t\t\t<section class=\"elementor-section elementor-top-section elementor-element elementor-element-630b23e3 elementor-section-full_width elementor-section-height-default elementor-section-height-default\" data-id=\"630b23e3\" data-element_type=\"section\" data-e-type=\"section\">\n\t\t\t\t\t\t<div class=\"elementor-container elementor-column-gap-no\">\n\t\t\t\t\t<div class=\"elementor-column elementor-col-100 elementor-top-column elementor-element elementor-element-259061d9\" data-id=\"259061d9\" data-element_type=\"column\" data-e-type=\"column\">\n\t\t\t<div class=\"elementor-widget-wrap elementor-element-populated\">\n\t\t\t\t\t\t<div class=\"elementor-element elementor-element-64b88e94 elementor-widget elementor-widget-text-editor\" data-id=\"64b88e94\" data-element_type=\"widget\" data-e-type=\"widget\" data-widget_type=\"text-editor.default\">\n\t\t\t\t<div class=\"elementor-widget-container\">\n\t\t\t\t\t\t\t\t\t<p>Des activit\u00e9s nautiques en plein air sur le magnifique lac de Sainte-Croix !<\/p><p>Encadr\u00e9 par une \u00e9quipe de professionnels exp\u00e9riment\u00e9s, le nouveau centre communautaire propose des activit\u00e9s sur l'eau et sur terre, permettant de profiter de l'environnement naturel exceptionnel du lac de Sainte-Croix au c\u0153ur du Parc du Verdon.<\/p><p>Un lieu accueillant, des professionnels comp\u00e9tents \u00e0 votre disposition pour vos projets scolaires, associatifs, personnels ou professionnels.<\/p><p>Du projet individuel ou collectif \u00e0 l'\u00e9v\u00e9nementiel en passant par le projet p\u00e9dagogique, nous accueillons tous types de structures (\u00e9coles, centres de loisirs, centres sportifs, comit\u00e9s d'entreprise, associations, etc.)<\/p><p>Le Parc du Verdon et le Lac de Sainte-Croix sont des lieux privil\u00e9gi\u00e9s et nous souhaitons les faire partager au plus grand nombre !<\/p><p>Le lac de Sainte-Croix offre 22 km\u00b2 d'activit\u00e9s nautiques, tandis que le parc naturel r\u00e9gional offre un espace d'\u00e9vasion encore plus grand.<\/p>\t\t\t\t\t\t\t\t<\/div>\n\t\t\t\t<\/div>\n\t\t\t\t<div class=\"elementor-element elementor-element-6abaf2a0 elementor-widget elementor-widget-button\" data-id=\"6abaf2a0\" data-element_type=\"widget\" data-e-type=\"widget\" data-widget_type=\"button.default\">\n\t\t\t\t<div class=\"elementor-widget-container\">\n\t\t\t\t\t\t\t\t\t<div class=\"elementor-button-wrapper\">\n\t\t\t\t\t<a class=\"elementor-button elementor-button-link elementor-size-sm\" href=\"https:\/\/www.facebook.com\/Club-Nautique-des-Salles-sur-Verdon-121440077867529\" target=\"_blank\" rel=\"noopener\">\n\t\t\t\t\t\t<span class=\"elementor-button-content-wrapper\">\n\t\t\t\t\t\t\t\t\t<span class=\"elementor-button-text\">Facebook<\/span>\n\t\t\t\t\t<\/span>\n\t\t\t\t\t<\/a>\n\t\t\t\t<\/div>\n\t\t\t\t\t\t\t\t<\/div>\n\t\t\t\t<\/div>\n\t\t\t\t<div class=\"elementor-element elementor-element-6ea53577 elementor-widget elementor-widget-button\" data-id=\"6ea53577\" data-element_type=\"widget\" data-e-type=\"widget\" data-widget_type=\"button.default\">\n\t\t\t\t<div class=\"elementor-widget-container\">\n\t\t\t\t\t\t\t\t\t<div class=\"elementor-button-wrapper\">\n\t\t\t\t\t<a class=\"elementor-button elementor-button-link elementor-size-sm\" href=\"https:\/\/basenautiqueverdon.fr\/\" target=\"_blank\" rel=\"noopener\">\n\t\t\t\t\t\t<span class=\"elementor-button-content-wrapper\">\n\t\t\t\t\t\t\t\t\t<span class=\"elementor-button-text\">Site<\/span>\n\t\t\t\t\t<\/span>\n\t\t\t\t\t<\/a>\n\t\t\t\t<\/div>\n\t\t\t\t\t\t\t\t<\/div>\n\t\t\t\t<\/div>\n\t\t\t\t\t<\/div>\n\t\t<\/div>\n\t\t\t\t\t<\/div>\n\t\t<\/section>\n\t\t\t\t<\/div>","protected":false},"excerpt":{"rendered":"<p>Watersporten in de open lucht op het prachtige Lac de Sainte-Croix! Het nieuwe gemeenschapscentrum wordt begeleid door een team van ervaren professionals en biedt activiteiten op het water en op het land, zodat je optimaal kunt profiteren van de uitzonderlijke natuurlijke omgeving van het Lac de Sainte-Croix in het hart van het Parc du Verdon. [&hellip;]<\/p>\n","protected":false},"author":1,"featured_media":3286,"comment_status":"open","ping_status":"closed","sticky":false,"template":"","format":"standard","meta":{"_lmt_disableupdate":"no","_lmt_disable":"","footnotes":""},"categories":[12,17],"tags":[],"class_list":["post-2897","post","type-post","status-publish","format-standard","has-post-thumbnail","hentry","category-blog","category-sporten"],"modified_by":"admin","_links":{"self":[{"href":"https:\/\/www.maison13.fr\/fr\/wp-json\/wp\/v2\/posts\/2897","targetHints":{"allow":["GET"]}}],"collection":[{"href":"https:\/\/www.maison13.fr\/fr\/wp-json\/wp\/v2\/posts"}],"about":[{"href":"https:\/\/www.maison13.fr\/fr\/wp-json\/wp\/v2\/types\/post"}],"author":[{"embeddable":true,"href":"https:\/\/www.maison13.fr\/fr\/wp-json\/wp\/v2\/users\/1"}],"replies":[{"embeddable":true,"href":"https:\/\/www.maison13.fr\/fr\/wp-json\/wp\/v2\/comments?post=2897"}],"version-history":[{"count":8,"href":"https:\/\/www.maison13.fr\/fr\/wp-json\/wp\/v2\/posts\/2897\/revisions"}],"predecessor-version":[{"id":3289,"href":"https:\/\/www.maison13.fr\/fr\/wp-json\/wp\/v2\/posts\/2897\/revisions\/3289"}],"wp:featuredmedia":[{"embeddable":true,"href":"https:\/\/www.maison13.fr\/fr\/wp-json\/wp\/v2\/media\/3286"}],"wp:attachment":[{"href":"https:\/\/www.maison13.fr\/fr\/wp-json\/wp\/v2\/media?parent=2897"}],"wp:term":[{"taxonomy":"category","embeddable":true,"href":"https:\/\/www.maison13.fr\/fr\/wp-json\/wp\/v2\/categories?post=2897"},{"taxonomy":"post_tag","embeddable":true,"href":"https:\/\/www.maison13.fr\/fr\/wp-json\/wp\/v2\/tags?post=2897"}],"curies":[{"name":"wp","href":"https:\/\/api.w.org\/{rel}","templated":true}]}}