{"id":300,"date":"2023-08-17T21:53:35","date_gmt":"2023-08-17T19:53:35","guid":{"rendered":"https:\/\/www.maison13.fr\/?p=300"},"modified":"2023-12-24T20:39:00","modified_gmt":"2023-12-24T19:39:00","slug":"musee-de-prehistoire-quinson","status":"publish","type":"post","link":"https:\/\/www.maison13.fr\/fr\/musee-de-prehistoire-quinson\/","title":{"rendered":"Mus\u00e9e de Prehistoire Quinson"},"content":{"rendered":"<div data-elementor-type=\"wp-post\" data-elementor-id=\"300\" class=\"elementor elementor-300\" data-elementor-post-type=\"post\">\n\t\t\t\t\t\t<section class=\"elementor-section elementor-top-section elementor-element elementor-element-3ce26ca1 elementor-section-full_width elementor-section-height-default elementor-section-height-default\" data-id=\"3ce26ca1\" data-element_type=\"section\" data-e-type=\"section\">\n\t\t\t\t\t\t<div class=\"elementor-container elementor-column-gap-no\">\n\t\t\t\t\t<div class=\"elementor-column elementor-col-100 elementor-top-column elementor-element elementor-element-66653d18\" data-id=\"66653d18\" data-element_type=\"column\" data-e-type=\"column\">\n\t\t\t<div class=\"elementor-widget-wrap elementor-element-populated\">\n\t\t\t\t\t\t<div class=\"elementor-element elementor-element-1a808daa elementor-widget elementor-widget-text-editor\" data-id=\"1a808daa\" data-element_type=\"widget\" data-e-type=\"widget\" data-widget_type=\"text-editor.default\">\n\t\t\t\t<div class=\"elementor-widget-container\">\n\t\t\t\t\t\t\t\t\t<p>Le Mus\u00e9e de Pr\u00e9histoire des Gorges du Verdon est implant\u00e9 \u00e0 Quinson, \u00e0 proximit\u00e9 des c\u00e9l\u00e8bres Gorges du Verdon. Un mus\u00e9e retra\u00e7ant les grandes \u00e9tapes de l\u2019aventure humaine en Provence.<\/p><p>Con\u00e7u par l\u2019architecte anglais Norman Foster et inaugur\u00e9 en 2001, l\u2019un des plus grands mus\u00e9es de pr\u00e9histoire d\u2019Europe pr\u00e9sente les d\u00e9couvertes arch\u00e9ologiques r\u00e9alis\u00e9es dans les grottes du Verdon qui t\u00e9moignent de 400 000 ans de vie pr\u00e9historique.<\/p><p><strong>Mus\u00e9e de Pr\u00e9histoire des Gorges du Verdon<\/strong><\/p><p>A l\u2019entr\u00e9e du mus\u00e9e, un mammouth, un rhinoc\u00e9ros laineux, un renne, un m\u00e9gac\u00e9ros ainsi qu\u2019un tigre \u00e0 dents de sabre vous accueillent! De quoi se mettre dans le bain!<\/p><p>Le Pr\u00e9histosite des gorges du Verdon pr\u00e9sente cinq habitats pr\u00e9historiques reconstitu\u00e9s, un jardin n\u00e9olithique et des animations. Vous y apprendrez avec un m\u00e9diateur \u00e0 faire du feu sans allumette, \u00e0 tailler du silex et bien d\u2019autres choses.<\/p><p>Enfin, pour compl\u00e9ter votre exploration, ne manquez pas la randonn\u00e9e accompagn\u00e9e \u00e0 la grotte de la Baume Bonne.<\/p><p><strong>50 ans de recherches arch\u00e9ologiques<\/strong><\/p><p>Henry de Lumley, Jean Courtin et Charles Lagrand, chercheurs au CNRS, conduisent des fouilles dans le Verdon avant la construction des barrages et la cr\u00e9ation du lac de Sainte-Croix.<\/p><p>Ces recherches men\u00e9es par les plus grands sp\u00e9cialistes ont permis d\u2019\u00e9tablir la pr\u00e9sence d\u2019hommes dans la r\u00e9gion d\u00e9s le Pal\u00e9olithique. Mais c\u2019est la p\u00e9riode du N\u00e9olithique qui nous a l\u00e9gu\u00e9 le plus de traces.<\/p><p>De nombreuses grottes ou abris sous roche surplombant le cours de la rivi\u00e8re ont \u00e9t\u00e9 occup\u00e9s par l\u2019homme. On trouve de nombreux poin\u00e7ons d\u2019os, c\u00e9ramiques, meules \u00e0 ocre qui attestent de sa pr\u00e9sence.<\/p><p>La grotte de la Baume Bonne est la plus \u00e9tonnante car elle pr\u00e9sente plusieurs niveaux d\u2019occupation successifs, notamment quantit\u00e9 d\u2019ossements d\u2019animaux : bouquetins, chevaux, castors, qui permettent de mieux conna\u00eetre le climat de ces p\u00e9riodes.<\/p><p>Tous ces t\u00e9moignages fragiles de la vie quotidienne de nos lointains anc\u00eatres, accompagn\u00e9s de reconstitutions de leurs activit\u00e9s, sont pr\u00e9sent\u00e9s au Mus\u00e9e.<\/p><p><strong>La pr\u00e9histoire \u00e0 port\u00e9e de main<\/strong><\/p><p>Le parcours de visite alterne des sc\u00e8nes de la vie quotidienne reconstitu\u00e9es grandeur nature, la pr\u00e9sentation de pi\u00e8ces arch\u00e9ologiques originales exceptionnelles ainsi que des animations interactives multim\u00e9dias.<\/p><p><strong>La grotte de la Baume Bonne<\/strong><\/p><p>La grotte de la Baume Bonne, site majeur de la Pr\u00e9histoire europ\u00e9enne class\u00e9 monument historique, t\u00e9moigne de la pr\u00e9sence de l\u2019Homme dans le Verdon depuis 400 000 ans.<\/p><p>Pour y acc\u00e9der en partant du Mus\u00e9e, un sentier longe le Verdon, serpente ensuite dans la garrigue des plateaux calcaires, plonge dans les gorges jusqu\u2019\u00e0 la grotte de la Baume Bonne.<\/p><p>Un m\u00e9diateur du Mus\u00e9e vous accompagnera pour une visite guid\u00e9e.<\/p><p><strong>Le Pr\u00e9histosite des gorges du Verdon<\/strong><\/p><p>Le Pr\u00e9histosite des gorges du Verdon pr\u00e9sente \u00e0 500 m\u00e8tres du mus\u00e9e cinq habitats pr\u00e9historiques reconstitu\u00e9s, un jardin n\u00e9olithique et des animations.<\/p><p>Cinq habitats et un dolmen restitu\u00e9s grandeur nature d\u2019apr\u00e8s des donn\u00e9es arch\u00e9ologiques et selon des techniques de construction traditionnelles. Ces habitats et leur environnement permettent une immersion id\u00e9ale dans la Pr\u00e9histoire.<\/p><p>Dans un espace v\u00e9g\u00e9talis\u00e9, le parcours de visite propose \u00e9galement plusieurs points d\u2019informations sur les habitats et l\u2019environnement pr\u00e9historiques.<\/p><p>Accompagn\u00e9 d\u2019un m\u00e9diateur du mus\u00e9e et sur r\u00e9servation, vous pourrez apprendre \u00e0 faire du feu sans allumette, vous initier \u00e0 la taille du silex, tirer \u00e0 l\u2019arc ou encore lancer une sagaie au propulseur. Des activit\u00e9s \u00e0 vivre en groupes ou en famille, \u00e0 destination des enfants comme des adultes!<\/p><p><strong>Journ\u00e9e de la Pr\u00e9histoire<\/strong><\/p><p>Elle se d\u00e9roule chaque ann\u00e9e, le 3\u00e8me week end de juillet.<\/p><p>Vous ferez de nombreuses d\u00e9couvertes durant cette Journ\u00e9e de la Pr\u00e9histoire:<\/p><ul><li>la m\u00e9tallurgie du fer,<\/li><li>l\u2019arbre g\u00e9n\u00e9alogique de l\u2019homme,<\/li><li>la taille d\u2019outils en silex,<\/li><li>les c\u00e9ramiques tourn\u00e9es et model\u00e9es,<\/li><li>la parure, le tissage,<\/li><li>la fabrication de feu sans allumette,<\/li><li>le tir \u00e0 l\u2019arc, le lancer de sagaie au propulseur, \u2026<\/li><\/ul>\t\t\t\t\t\t\t\t<\/div>\n\t\t\t\t<\/div>\n\t\t\t\t<div class=\"elementor-element elementor-element-3e6e8e4d elementor-widget elementor-widget-button\" data-id=\"3e6e8e4d\" data-element_type=\"widget\" data-e-type=\"widget\" data-widget_type=\"button.default\">\n\t\t\t\t<div class=\"elementor-widget-container\">\n\t\t\t\t\t\t\t\t\t<div class=\"elementor-button-wrapper\">\n\t\t\t\t\t<a class=\"elementor-button elementor-button-link elementor-size-sm\" href=\"http:\/\/www.facebook.com\/MuseePrehistoireGorgesduVerdon\" target=\"_blank\" rel=\"noopener\">\n\t\t\t\t\t\t<span class=\"elementor-button-content-wrapper\">\n\t\t\t\t\t\t\t\t\t<span class=\"elementor-button-text\">Facebook<\/span>\n\t\t\t\t\t<\/span>\n\t\t\t\t\t<\/a>\n\t\t\t\t<\/div>\n\t\t\t\t\t\t\t\t<\/div>\n\t\t\t\t<\/div>\n\t\t\t\t<div class=\"elementor-element elementor-element-4015a9ad elementor-widget elementor-widget-button\" data-id=\"4015a9ad\" data-element_type=\"widget\" data-e-type=\"widget\" data-widget_type=\"button.default\">\n\t\t\t\t<div class=\"elementor-widget-container\">\n\t\t\t\t\t\t\t\t\t<div class=\"elementor-button-wrapper\">\n\t\t\t\t\t<a class=\"elementor-button elementor-button-link elementor-size-sm\" href=\"https:\/\/www.museeprehistoire.com\/accueil\" target=\"_blank\" rel=\"noopener\">\n\t\t\t\t\t\t<span class=\"elementor-button-content-wrapper\">\n\t\t\t\t\t\t\t\t\t<span class=\"elementor-button-text\">Site<\/span>\n\t\t\t\t\t<\/span>\n\t\t\t\t\t<\/a>\n\t\t\t\t<\/div>\n\t\t\t\t\t\t\t\t<\/div>\n\t\t\t\t<\/div>\n\t\t\t\t\t<\/div>\n\t\t<\/div>\n\t\t\t\t\t<\/div>\n\t\t<\/section>\n\t\t\t\t<\/div>","protected":false},"excerpt":{"rendered":"<p>Het Mus\u00e9e de Pr\u00e9histoire des Gorges du Verdon ligt in Quinson, vlakbij de beroemde Gorges du Verdon. Dit museum laat de belangrijkste etappes van het menselijk avontuur in de Provence zien. Het is ontworpen door de Engelse architect Norman Foster en geopend in 2001. Het is een van de grootste prehistorische musea van Europa en [&hellip;]<\/p>\n","protected":false},"author":1,"featured_media":3315,"comment_status":"open","ping_status":"closed","sticky":false,"template":"","format":"standard","meta":{"_lmt_disableupdate":"no","_lmt_disable":"","footnotes":""},"categories":[12,14],"tags":[],"class_list":["post-300","post","type-post","status-publish","format-standard","has-post-thumbnail","hentry","category-blog","category-op-stap"],"modified_by":"admin","_links":{"self":[{"href":"https:\/\/www.maison13.fr\/fr\/wp-json\/wp\/v2\/posts\/300","targetHints":{"allow":["GET"]}}],"collection":[{"href":"https:\/\/www.maison13.fr\/fr\/wp-json\/wp\/v2\/posts"}],"about":[{"href":"https:\/\/www.maison13.fr\/fr\/wp-json\/wp\/v2\/types\/post"}],"author":[{"embeddable":true,"href":"https:\/\/www.maison13.fr\/fr\/wp-json\/wp\/v2\/users\/1"}],"replies":[{"embeddable":true,"href":"https:\/\/www.maison13.fr\/fr\/wp-json\/wp\/v2\/comments?post=300"}],"version-history":[{"count":38,"href":"https:\/\/www.maison13.fr\/fr\/wp-json\/wp\/v2\/posts\/300\/revisions"}],"predecessor-version":[{"id":3321,"href":"https:\/\/www.maison13.fr\/fr\/wp-json\/wp\/v2\/posts\/300\/revisions\/3321"}],"wp:featuredmedia":[{"embeddable":true,"href":"https:\/\/www.maison13.fr\/fr\/wp-json\/wp\/v2\/media\/3315"}],"wp:attachment":[{"href":"https:\/\/www.maison13.fr\/fr\/wp-json\/wp\/v2\/media?parent=300"}],"wp:term":[{"taxonomy":"category","embeddable":true,"href":"https:\/\/www.maison13.fr\/fr\/wp-json\/wp\/v2\/categories?post=300"},{"taxonomy":"post_tag","embeddable":true,"href":"https:\/\/www.maison13.fr\/fr\/wp-json\/wp\/v2\/tags?post=300"}],"curies":[{"name":"wp","href":"https:\/\/api.w.org\/{rel}","templated":true}]}}