{"id":306,"date":"2023-08-17T21:53:35","date_gmt":"2023-08-17T19:53:35","guid":{"rendered":"https:\/\/www.maison13.fr\/?p=306"},"modified":"2023-12-18T15:57:14","modified_gmt":"2023-12-18T14:57:14","slug":"route-des-cretes","status":"publish","type":"post","link":"https:\/\/www.maison13.fr\/fr\/route-des-cretes\/","title":{"rendered":"Route des Cr\u00e8tes"},"content":{"rendered":"<div data-elementor-type=\"wp-post\" data-elementor-id=\"306\" class=\"elementor elementor-306\" data-elementor-post-type=\"post\">\n\t\t\t\t\t\t<section class=\"elementor-section elementor-top-section elementor-element elementor-element-5d6661e1 elementor-section-full_width elementor-section-height-default elementor-section-height-default\" data-id=\"5d6661e1\" data-element_type=\"section\" data-e-type=\"section\">\n\t\t\t\t\t\t<div class=\"elementor-container elementor-column-gap-no\">\n\t\t\t\t\t<div class=\"elementor-column elementor-col-100 elementor-top-column elementor-element elementor-element-3143aa4f\" data-id=\"3143aa4f\" data-element_type=\"column\" data-e-type=\"column\">\n\t\t\t<div class=\"elementor-widget-wrap elementor-element-populated\">\n\t\t\t\t\t\t<div class=\"elementor-element elementor-element-246ad810 elementor-widget elementor-widget-text-editor\" data-id=\"246ad810\" data-element_type=\"widget\" data-e-type=\"widget\" data-widget_type=\"text-editor.default\">\n\t\t\t\t<div class=\"elementor-widget-container\">\n\t\t\t\t\t\t\t\t\t<p>Cet itin\u00e9raire panoramique de 24 km au d\u00e9part de La Palud sur Verdon vous emm\u00e8ne sur les cr\u00eates du Grand Canyon. Les 14 Belv\u00e9d\u00e8res d\u00e9voilent les mythiques falaises du Verdon et offrent des vues inoubliables sur le Grand Canyon.<\/p><p>La Route des Cr\u00eates peut se faire en voiture, en moto ou id\u00e9alement \u00e0 v\u00e9lo (avec ou sans assistance \u00e9lectrique, selon vos envies).<\/p><p>Il est difficile de fixer une dur\u00e9e pour cette excursion, tant il y a \u00e0 voir, \u00e0 observer et \u00e0 admirer. Comptez n\u00e9anmoins une heure et demie \u00e0 trois heures et arr\u00eatez-vous r\u00e9guli\u00e8rement aux belv\u00e9d\u00e8res.<\/p><p>Vous contemplerez le l\u00e9gendaire Verdon et d\u00e9couvrirez des points de vue incomparables tels que Carelle, Escal\u00e8s, Dent d'Aire et Gu\u00e8gues. Certaines des plus hautes falaises des Gorges du Verdon se trouvent \u00e0 plus de 700 m\u00e8tres sous vos pieds...<\/p><p>En chemin, vous d\u00e9couvrirez la faune (vautours, chamois, renards...) et la flore locales, ainsi que les alpinistes qui parcourent les falaises du canyon. Le d\u00e9part de la Route des Cr\u00eates (D23) se situe \u00e0 800 m\u00e8tres de la sortie du village de La Palud sur Verdon en direction de Rougon.<\/p><p>Une partie de la route est \u00e0 sens unique, donc si vous voulez faire la boucle, prenez-la dans ce sens (sens des aiguilles d'une montre), comme l'indiquent les panneaux dans et autour du village.<\/p>\t\t\t\t\t\t\t\t<\/div>\n\t\t\t\t<\/div>\n\t\t\t\t\t<\/div>\n\t\t<\/div>\n\t\t\t\t\t<\/div>\n\t\t<\/section>\n\t\t\t\t<\/div>","protected":false},"excerpt":{"rendered":"<p>La Route panoramique des Cr\u00eates est la partie la plus impressionnante des gorges, avec 14 points de vue offrant une vue imprenable sur le Verdon.<\/p>","protected":false},"author":1,"featured_media":3247,"comment_status":"open","ping_status":"closed","sticky":false,"template":"","format":"standard","meta":{"_lmt_disableupdate":"no","_lmt_disable":"","footnotes":""},"categories":[12,14],"tags":[],"class_list":["post-306","post","type-post","status-publish","format-standard","has-post-thumbnail","hentry","category-blog","category-op-stap"],"modified_by":"admin","_links":{"self":[{"href":"https:\/\/www.maison13.fr\/fr\/wp-json\/wp\/v2\/posts\/306","targetHints":{"allow":["GET"]}}],"collection":[{"href":"https:\/\/www.maison13.fr\/fr\/wp-json\/wp\/v2\/posts"}],"about":[{"href":"https:\/\/www.maison13.fr\/fr\/wp-json\/wp\/v2\/types\/post"}],"author":[{"embeddable":true,"href":"https:\/\/www.maison13.fr\/fr\/wp-json\/wp\/v2\/users\/1"}],"replies":[{"embeddable":true,"href":"https:\/\/www.maison13.fr\/fr\/wp-json\/wp\/v2\/comments?post=306"}],"version-history":[{"count":23,"href":"https:\/\/www.maison13.fr\/fr\/wp-json\/wp\/v2\/posts\/306\/revisions"}],"predecessor-version":[{"id":3251,"href":"https:\/\/www.maison13.fr\/fr\/wp-json\/wp\/v2\/posts\/306\/revisions\/3251"}],"wp:featuredmedia":[{"embeddable":true,"href":"https:\/\/www.maison13.fr\/fr\/wp-json\/wp\/v2\/media\/3247"}],"wp:attachment":[{"href":"https:\/\/www.maison13.fr\/fr\/wp-json\/wp\/v2\/media?parent=306"}],"wp:term":[{"taxonomy":"category","embeddable":true,"href":"https:\/\/www.maison13.fr\/fr\/wp-json\/wp\/v2\/categories?post=306"},{"taxonomy":"post_tag","embeddable":true,"href":"https:\/\/www.maison13.fr\/fr\/wp-json\/wp\/v2\/tags?post=306"}],"curies":[{"name":"wp","href":"https:\/\/api.w.org\/{rel}","templated":true}]}}