{"id":413,"date":"2023-08-05T13:56:29","date_gmt":"2023-08-05T11:56:29","guid":{"rendered":"https:\/\/www.maison13.fr\/?p=413"},"modified":"2024-01-09T18:31:28","modified_gmt":"2024-01-09T17:31:28","slug":"slaapkamer-2","status":"publish","type":"post","link":"https:\/\/www.maison13.fr\/fr\/slaapkamer-2\/","title":{"rendered":"Chambre \u00e0 coucher 2"},"content":{"rendered":"<div data-elementor-type=\"wp-post\" data-elementor-id=\"413\" class=\"elementor elementor-413\" data-elementor-post-type=\"post\">\n\t\t\t\t<div class=\"elementor-element elementor-element-c57ee89 e-con-full e-flex e-con e-parent\" data-id=\"c57ee89\" data-element_type=\"container\" data-e-type=\"container\">\n\t\t\t\t<div class=\"elementor-element elementor-element-8e1068c elementor--h-position-center elementor--v-position-middle elementor-widget elementor-widget-slides\" data-id=\"8e1068c\" data-element_type=\"widget\" data-e-type=\"widget\" data-settings=\"{&quot;navigation&quot;:&quot;none&quot;,&quot;infinite&quot;:&quot;yes&quot;,&quot;transition&quot;:&quot;slide&quot;,&quot;transition_speed&quot;:500}\" data-widget_type=\"slides.default\">\n\t\t\t\t<div class=\"elementor-widget-container\">\n\t\t\t\t\t\t\t\t\t<div class=\"elementor-swiper\">\n\t\t\t\t\t<div class=\"elementor-slides-wrapper elementor-main-swiper swiper\" role=\"region\" aria-roledescription=\"carousel\" aria-label=\"Slides\" dir=\"ltr\" data-animation=\"fadeInUp\">\n\t\t\t\t<div class=\"swiper-wrapper elementor-slides\">\n\t\t\t\t\t\t\t\t\t\t<div class=\"elementor-repeater-item-229300f swiper-slide\" role=\"group\" aria-roledescription=\"slide\"><div class=\"swiper-slide-bg\" role=\"img\" aria-label=\"IMG_20231103_130044\"><\/div><div class=\"elementor-background-overlay\"><\/div><div class=\"swiper-slide-inner\" ><div class=\"swiper-slide-contents\"><h1 class=\"elementor-slide-heading\">La 2\u00e8me chambre \u00e0 coucher<\/h1><\/div><\/div><\/div><div class=\"elementor-repeater-item-73ef67f swiper-slide\" role=\"group\" aria-roledescription=\"slide\"><div class=\"swiper-slide-bg\" role=\"img\" aria-label=\"IMG_20231103_130044\"><\/div><div class=\"elementor-background-overlay\"><\/div><div class=\"swiper-slide-inner\" ><div class=\"swiper-slide-contents\"><h1 class=\"elementor-slide-heading\">La 2\u00e8me chambre \u00e0 coucher<\/h1><\/div><\/div><\/div>\t\t\t\t<\/div>\n\t\t\t\t\t\t\t\t\t\t\t\t\t\t\t\t\t\t\t\t\t<\/div>\n\t\t\t\t<\/div>\n\t\t\t\t\t\t\t\t<\/div>\n\t\t\t\t<\/div>\n\t\t\t\t<\/div>\n\t\t<div class=\"elementor-element elementor-element-0f8abb9 e-flex e-con-boxed e-con e-parent\" data-id=\"0f8abb9\" data-element_type=\"container\" data-e-type=\"container\">\n\t\t\t\t\t<div class=\"e-con-inner\">\n\t\t<div class=\"elementor-element elementor-element-d354079 e-flex e-con-boxed e-con e-child\" data-id=\"d354079\" data-element_type=\"container\" data-e-type=\"container\">\n\t\t\t\t\t<div class=\"e-con-inner\">\n\t\t<div class=\"elementor-element elementor-element-8f01a2b e-flex e-con-boxed e-con e-child\" data-id=\"8f01a2b\" data-element_type=\"container\" data-e-type=\"container\">\n\t\t\t\t\t<div class=\"e-con-inner\">\n\t\t<div class=\"elementor-element elementor-element-1133602 e-con-full e-flex e-con e-child\" data-id=\"1133602\" data-element_type=\"container\" data-e-type=\"container\">\n\t\t\t\t<div class=\"elementor-element elementor-element-22d80b5 elementor-widget elementor-widget-heading\" data-id=\"22d80b5\" data-element_type=\"widget\" data-e-type=\"widget\" data-widget_type=\"heading.default\">\n\t\t\t\t<div class=\"elementor-widget-container\">\n\t\t\t\t\t<h2 class=\"elementor-heading-title elementor-size-default\">Chambre double<\/h2>\t\t\t\t<\/div>\n\t\t\t\t<\/div>\n\t\t\t\t<div class=\"elementor-element elementor-element-37a738e elementor-widget elementor-widget-text-editor\" data-id=\"37a738e\" data-element_type=\"widget\" data-e-type=\"widget\" data-widget_type=\"text-editor.default\">\n\t\t\t\t<div class=\"elementor-widget-container\">\n\t\t\t\t\t\t\t\t\t<p>Cette chambre double avec un grand lit de 160 x 200 cm est situ\u00e9e \u00e0 l'arri\u00e8re de la maison et donne sur le jardin.<\/p><p>La chambre dispose d'une grande garde-robe pour tout ranger proprement.<\/p>\t\t\t\t\t\t\t\t<\/div>\n\t\t\t\t<\/div>\n\t\t\t\t<\/div>\n\t\t<div class=\"elementor-element elementor-element-eb5a3d6 e-con-full e-flex e-con e-child\" data-id=\"eb5a3d6\" data-element_type=\"container\" data-e-type=\"container\" data-settings=\"{&quot;background_background&quot;:&quot;gradient&quot;}\">\n\t\t\t\t<div class=\"elementor-element elementor-element-274d251 elementor-widget elementor-widget-gallery\" data-id=\"274d251\" data-element_type=\"widget\" data-e-type=\"widget\" data-settings=\"{&quot;columns&quot;:2,&quot;gap&quot;:{&quot;unit&quot;:&quot;px&quot;,&quot;size&quot;:15,&quot;sizes&quot;:[]},&quot;lazyload&quot;:&quot;yes&quot;,&quot;gallery_layout&quot;:&quot;grid&quot;,&quot;columns_tablet&quot;:2,&quot;columns_mobile&quot;:1,&quot;gap_tablet&quot;:{&quot;unit&quot;:&quot;px&quot;,&quot;size&quot;:10,&quot;sizes&quot;:[]},&quot;gap_mobile&quot;:{&quot;unit&quot;:&quot;px&quot;,&quot;size&quot;:10,&quot;sizes&quot;:[]},&quot;link_to&quot;:&quot;file&quot;,&quot;aspect_ratio&quot;:&quot;3:2&quot;,&quot;overlay_background&quot;:&quot;yes&quot;,&quot;content_hover_animation&quot;:&quot;fade-in&quot;}\" data-widget_type=\"gallery.default\">\n\t\t\t\t<div class=\"elementor-widget-container\">\n\t\t\t\t\t\t\t<div class=\"elementor-gallery__container\">\n\t\t\t\t\t\t\t<a class=\"e-gallery-item elementor-gallery-item elementor-animated-content\" href=\"https:\/\/www.maison13.fr\/wp-content\/uploads\/2024\/01\/IMG_20240104_103259-scaled.jpg\" data-elementor-open-lightbox=\"yes\" data-elementor-lightbox-slideshow=\"274d251\" data-elementor-lightbox-title=\"IMG_20240104_103259\" data-e-action-hash=\"#elementor-action%3Aaction%3Dlightbox%26settings%3DeyJpZCI6MzMzMywidXJsIjoiaHR0cHM6XC9cL3d3dy5tYWlzb24xMy5mclwvd3AtY29udGVudFwvdXBsb2Fkc1wvMjAyNFwvMDFcL0lNR18yMDI0MDEwNF8xMDMyNTktc2NhbGVkLmpwZyIsInNsaWRlc2hvdyI6IjI3NGQyNTEifQ%3D%3D\">\n\t\t\t\t\t<div class=\"e-gallery-image elementor-gallery-item__image\" data-thumbnail=\"https:\/\/www.maison13.fr\/wp-content\/uploads\/2024\/01\/IMG_20240104_103259-scaled.jpg\" data-width=\"1920\" data-height=\"2560\" aria-label=\"\" role=\"img\" ><\/div>\n\t\t\t\t\t\t\t\t\t\t\t<div class=\"elementor-gallery-item__overlay\"><\/div>\n\t\t\t\t\t\t\t\t\t\t\t\t\t\t<\/a>\n\t\t\t\t\t\t\t<a class=\"e-gallery-item elementor-gallery-item elementor-animated-content\" href=\"https:\/\/www.maison13.fr\/wp-content\/uploads\/2024\/01\/IMG_20240104_103338-scaled.jpg\" data-elementor-open-lightbox=\"yes\" data-elementor-lightbox-slideshow=\"274d251\" data-elementor-lightbox-title=\"IMG_20240104_103338\" data-e-action-hash=\"#elementor-action%3Aaction%3Dlightbox%26settings%3DeyJpZCI6MzMzNCwidXJsIjoiaHR0cHM6XC9cL3d3dy5tYWlzb24xMy5mclwvd3AtY29udGVudFwvdXBsb2Fkc1wvMjAyNFwvMDFcL0lNR18yMDI0MDEwNF8xMDMzMzgtc2NhbGVkLmpwZyIsInNsaWRlc2hvdyI6IjI3NGQyNTEifQ%3D%3D\">\n\t\t\t\t\t<div class=\"e-gallery-image elementor-gallery-item__image\" data-thumbnail=\"https:\/\/www.maison13.fr\/wp-content\/uploads\/2024\/01\/IMG_20240104_103338-scaled.jpg\" data-width=\"1920\" data-height=\"2560\" aria-label=\"\" role=\"img\" ><\/div>\n\t\t\t\t\t\t\t\t\t\t\t<div class=\"elementor-gallery-item__overlay\"><\/div>\n\t\t\t\t\t\t\t\t\t\t\t\t\t\t<\/a>\n\t\t\t\t\t\t\t<a class=\"e-gallery-item elementor-gallery-item elementor-animated-content\" href=\"https:\/\/www.maison13.fr\/wp-content\/uploads\/2024\/01\/IMG_20240104_094524-scaled.jpg\" data-elementor-open-lightbox=\"yes\" data-elementor-lightbox-slideshow=\"274d251\" data-elementor-lightbox-title=\"IMG_20240104_094524\" data-e-action-hash=\"#elementor-action%3Aaction%3Dlightbox%26settings%3DeyJpZCI6MzMzNSwidXJsIjoiaHR0cHM6XC9cL3d3dy5tYWlzb24xMy5mclwvd3AtY29udGVudFwvdXBsb2Fkc1wvMjAyNFwvMDFcL0lNR18yMDI0MDEwNF8wOTQ1MjQtc2NhbGVkLmpwZyIsInNsaWRlc2hvdyI6IjI3NGQyNTEifQ%3D%3D\">\n\t\t\t\t\t<div class=\"e-gallery-image elementor-gallery-item__image\" data-thumbnail=\"https:\/\/www.maison13.fr\/wp-content\/uploads\/2024\/01\/IMG_20240104_094524-scaled.jpg\" data-width=\"1920\" data-height=\"2560\" aria-label=\"\" role=\"img\" ><\/div>\n\t\t\t\t\t\t\t\t\t\t\t<div class=\"elementor-gallery-item__overlay\"><\/div>\n\t\t\t\t\t\t\t\t\t\t\t\t\t\t<\/a>\n\t\t\t\t\t<\/div>\n\t\t\t\t\t<\/div>\n\t\t\t\t<\/div>\n\t\t\t\t<\/div>\n\t\t\t\t\t<\/div>\n\t\t\t\t<\/div>\n\t\t\t\t\t<\/div>\n\t\t\t\t<\/div>\n\t\t\t\t\t<\/div>\n\t\t\t\t<\/div>\n\t\t\t\t<\/div>","protected":false},"excerpt":{"rendered":"<p>Chambre double (lit 160x200cm) situ\u00e9e \u00e0 l'arri\u00e8re de la maison et donnant sur le jardin.[...]<\/p>","protected":false},"author":1,"featured_media":3333,"comment_status":"closed","ping_status":"closed","sticky":false,"template":"elementor_header_footer","format":"standard","meta":{"_lmt_disableupdate":"no","_lmt_disable":"","footnotes":""},"categories":[19],"tags":[27],"class_list":["post-413","post","type-post","status-publish","format-standard","has-post-thumbnail","hentry","category-vakantiewoning","tag-fr-ok"],"modified_by":"admin","_links":{"self":[{"href":"https:\/\/www.maison13.fr\/fr\/wp-json\/wp\/v2\/posts\/413","targetHints":{"allow":["GET"]}}],"collection":[{"href":"https:\/\/www.maison13.fr\/fr\/wp-json\/wp\/v2\/posts"}],"about":[{"href":"https:\/\/www.maison13.fr\/fr\/wp-json\/wp\/v2\/types\/post"}],"author":[{"embeddable":true,"href":"https:\/\/www.maison13.fr\/fr\/wp-json\/wp\/v2\/users\/1"}],"replies":[{"embeddable":true,"href":"https:\/\/www.maison13.fr\/fr\/wp-json\/wp\/v2\/comments?post=413"}],"version-history":[{"count":73,"href":"https:\/\/www.maison13.fr\/fr\/wp-json\/wp\/v2\/posts\/413\/revisions"}],"predecessor-version":[{"id":3466,"href":"https:\/\/www.maison13.fr\/fr\/wp-json\/wp\/v2\/posts\/413\/revisions\/3466"}],"wp:featuredmedia":[{"embeddable":true,"href":"https:\/\/www.maison13.fr\/fr\/wp-json\/wp\/v2\/media\/3333"}],"wp:attachment":[{"href":"https:\/\/www.maison13.fr\/fr\/wp-json\/wp\/v2\/media?parent=413"}],"wp:term":[{"taxonomy":"category","embeddable":true,"href":"https:\/\/www.maison13.fr\/fr\/wp-json\/wp\/v2\/categories?post=413"},{"taxonomy":"post_tag","embeddable":true,"href":"https:\/\/www.maison13.fr\/fr\/wp-json\/wp\/v2\/tags?post=413"}],"curies":[{"name":"wp","href":"https:\/\/api.w.org\/{rel}","templated":true}]}}