{"id":433,"date":"2023-08-19T14:04:38","date_gmt":"2023-08-19T12:04:38","guid":{"rendered":"https:\/\/www.maison13.fr\/?p=433"},"modified":"2023-12-18T12:23:10","modified_gmt":"2023-12-18T11:23:10","slug":"lescapade","status":"publish","type":"post","link":"https:\/\/www.maison13.fr\/fr\/lescapade\/","title":{"rendered":"L\u2019escapade"},"content":{"rendered":"<div data-elementor-type=\"wp-post\" data-elementor-id=\"433\" class=\"elementor elementor-433\" data-elementor-post-type=\"post\">\n\t\t\t\t\t\t<section class=\"elementor-section elementor-top-section elementor-element elementor-element-3c89dc85 elementor-section-full_width elementor-section-height-default elementor-section-height-default\" data-id=\"3c89dc85\" data-element_type=\"section\" data-e-type=\"section\">\n\t\t\t\t\t\t<div class=\"elementor-container elementor-column-gap-no\">\n\t\t\t\t\t<div class=\"elementor-column elementor-col-100 elementor-top-column elementor-element elementor-element-98ea5a2\" data-id=\"98ea5a2\" data-element_type=\"column\" data-e-type=\"column\">\n\t\t\t<div class=\"elementor-widget-wrap elementor-element-populated\">\n\t\t\t\t\t\t<div class=\"elementor-element elementor-element-3a90bd85 elementor-widget elementor-widget-text-editor\" data-id=\"3a90bd85\" data-element_type=\"widget\" data-e-type=\"widget\" data-widget_type=\"text-editor.default\">\n\t\t\t\t<div class=\"elementor-widget-container\">\n\t\t\t\t\t\t\t\t\t<p>Situ\u00e9 au centre du village des Salles-sur-Verdon, au bord du lac de Sainte-Croix, c'est une \u00e9tape id\u00e9ale entre les nombreuses activit\u00e9s propos\u00e9es par le Parc R\u00e9gional du Verdon:<\/p><ul><li>Deux grandes terrasses ombrag\u00e9es avec espaces fumeurs et non-fumeurs.<\/li><li>Une terrasse de jardin orient\u00e9e au sud et ombrag\u00e9e par des parasols pour les d\u00e9jeuners entre amis ou en famille.<\/li><li>Une terrasse contemporaine pour des d\u00eeners romantiques ou simplement pour profiter du coucher de soleil ....<\/li><\/ul><p><br \/>Nous recommandons \u00e9galement ce lieu pour ses prix attractifs. Une belle d\u00e9coration et une atmosph\u00e8re agr\u00e9able permettent aux clients de se d\u00e9tendre.<\/p>\t\t\t\t\t\t\t\t<\/div>\n\t\t\t\t<\/div>\n\t\t\t\t<div class=\"elementor-element elementor-element-707572d2 elementor-widget elementor-widget-button\" data-id=\"707572d2\" data-element_type=\"widget\" data-e-type=\"widget\" data-widget_type=\"button.default\">\n\t\t\t\t<div class=\"elementor-widget-container\">\n\t\t\t\t\t\t\t\t\t<div class=\"elementor-button-wrapper\">\n\t\t\t\t\t<a class=\"elementor-button elementor-button-link elementor-size-sm\" href=\"https:\/\/www.verdon-escapade.fr\" target=\"_blank\" rel=\"noopener\">\n\t\t\t\t\t\t<span class=\"elementor-button-content-wrapper\">\n\t\t\t\t\t\t\t\t\t<span class=\"elementor-button-text\">Site<\/span>\n\t\t\t\t\t<\/span>\n\t\t\t\t\t<\/a>\n\t\t\t\t<\/div>\n\t\t\t\t\t\t\t\t<\/div>\n\t\t\t\t<\/div>\n\t\t\t\t\t<\/div>\n\t\t<\/div>\n\t\t\t\t\t<\/div>\n\t\t<\/section>\n\t\t\t\t<\/div>","protected":false},"excerpt":{"rendered":"<p>Une \u00e9tape id\u00e9ale entre les nombreuses activit\u00e9s propos\u00e9es dans le Parc R\u00e9gional du Verdon<\/p>","protected":false},"author":1,"featured_media":3058,"comment_status":"open","ping_status":"closed","sticky":false,"template":"","format":"standard","meta":{"_lmt_disableupdate":"no","_lmt_disable":"","footnotes":""},"categories":[12,18],"tags":[],"class_list":["post-433","post","type-post","status-publish","format-standard","has-post-thumbnail","hentry","category-blog","category-eten-drinken"],"modified_by":"admin","_links":{"self":[{"href":"https:\/\/www.maison13.fr\/fr\/wp-json\/wp\/v2\/posts\/433","targetHints":{"allow":["GET"]}}],"collection":[{"href":"https:\/\/www.maison13.fr\/fr\/wp-json\/wp\/v2\/posts"}],"about":[{"href":"https:\/\/www.maison13.fr\/fr\/wp-json\/wp\/v2\/types\/post"}],"author":[{"embeddable":true,"href":"https:\/\/www.maison13.fr\/fr\/wp-json\/wp\/v2\/users\/1"}],"replies":[{"embeddable":true,"href":"https:\/\/www.maison13.fr\/fr\/wp-json\/wp\/v2\/comments?post=433"}],"version-history":[{"count":16,"href":"https:\/\/www.maison13.fr\/fr\/wp-json\/wp\/v2\/posts\/433\/revisions"}],"predecessor-version":[{"id":3061,"href":"https:\/\/www.maison13.fr\/fr\/wp-json\/wp\/v2\/posts\/433\/revisions\/3061"}],"wp:featuredmedia":[{"embeddable":true,"href":"https:\/\/www.maison13.fr\/fr\/wp-json\/wp\/v2\/media\/3058"}],"wp:attachment":[{"href":"https:\/\/www.maison13.fr\/fr\/wp-json\/wp\/v2\/media?parent=433"}],"wp:term":[{"taxonomy":"category","embeddable":true,"href":"https:\/\/www.maison13.fr\/fr\/wp-json\/wp\/v2\/categories?post=433"},{"taxonomy":"post_tag","embeddable":true,"href":"https:\/\/www.maison13.fr\/fr\/wp-json\/wp\/v2\/tags?post=433"}],"curies":[{"name":"wp","href":"https:\/\/api.w.org\/{rel}","templated":true}]}}